{"id":1872,"date":"2026-02-27T14:43:01","date_gmt":"2026-02-27T14:43:01","guid":{"rendered":"https:\/\/kcpecinci.rs\/virtuelni-muzej\/?p=1872"},"modified":"2026-02-27T14:43:03","modified_gmt":"2026-02-27T14:43:03","slug":"zmaj-ognjeni-vuk-kao-simbol-kupinika-i-srednjovekovne-moci-srema","status":"publish","type":"post","link":"https:\/\/kcpecinci.rs\/virtuelni-muzej\/zmaj-ognjeni-vuk-kao-simbol-kupinika-i-srednjovekovne-moci-srema\/","title":{"rendered":"Zmaj Ognjeni Vuk kao simbol Kupinika i srednjovekovne mo\u0107i Srema"},"content":{"rendered":"\n<p>U istoriji Donjeg Srema posebno mesto zauzimaju despoti iz loze <strong> Brankovi\u0107a<\/strong>, \u010dija je vlast u 15. veku oblikovala politi\u010dki i kulturni pejza\u017e ovog prostora. Nakon pada srednjovekovne Srbije pod sve ja\u010dim osmanskim pritiskom, Srem je postao nova politi\u010dka i duhovna oaza srpskog dr\u017eavotvornog \u017eivota. Despoti Brankovi\u0107i, oslanjaju\u0107i se na ugarsku podr\u0161ku, upravljali su Sremom kao svojom despotovinom, odr\u017eavaju\u0107i tradiciju srpske dr\u017eavnosti u vreme kada je jug Balkana ve\u0107 bio pod osmanskom vla\u0161\u0107u.<\/p>\n\n\n\n<p>Jedno od klju\u010dnih sredi\u0161ta te despotovine bio je grad <strong>Tvr\u0111ava Kupinik<\/strong>, utvr\u0111enje podignuto na strate\u0161ki va\u017enom ostrvu u mrtvaji Save, u blizini dana\u0161njeg Kupinova i Obedske bare. Kupinik nije bio samo vojna tvr\u0111ava \u2013 on je predstavljao i administrativno i simboli\u010dko upori\u0161te despotske vlasti u Sremu. Njegovi bedemi, kule i rovovi svedo\u010de o visokom nivou srednjovekovne vojne arhitekture i potrebi da se prostor Panonije brani od tada\u0161njih vojnih pretnji.<\/p>\n\n\n\n<p>Posebno mesto u istoriji Kupinika i sremskih despota zauzima legendarni vojskovo\u0111a i despot <strong>Zmaj Ognjeni Vuk<\/strong> (Vuk Grgurevi\u0107). Kao istaknuti vojni zapovednik i simbol otpora, Zmaj Ognjeni Vuk je u\u010destvovao u borbama protiv Osmanlija i u\u010dvr\u0161\u0107ivao granice despotovine. Njegova hrabrost i vojni\u010dki ugled u\u010dinili su ga jednim od najpoznatijih srednjovekovnih junaka Srema, \u010dije ime i danas izaziva interesovanje istori\u010dara i ljubitelja pro\u0161losti. Legende o njegovim bitkama i podvizima utkane su u kolektivno pam\u0107enje regiona, daju\u0107i Kupiniku i okolini auru mesta gde se istorija i predanje susre\u0107u.<\/p>\n\n\n\n<p>Kupinik je, osim vojni\u010dke funkcije, imao i duhovnu dimenziju. U njegovoj blizini despoti su podigli dvorsku crkvu, povezuju\u0107i sakralni i dr\u017eavni \u017eivot. Most koji je spajao tvr\u0111avu sa crkvom simbolizovao je jedinstvo politi\u010dke i duhovne mo\u0107i, \u0161to je bilo karakteristi\u010dno za srednjovekovne srpske vladare. Takvo ure\u0111enje prostora nagla\u0161ava zna\u010daj Kupinika kao centra ne samo odbrane, ve\u0107 i kulturnog i verskog identiteta.<\/p>\n\n\n\n<p>Danas, ostaci tvr\u0111ave predstavljaju dragoceni spomenik pro\u0161losti. Arheolo\u0161ka istra\u017eivanja i konzervatorski radovi nastoje da otkriju i sa\u010duvaju sve \u0161to je preostalo od nekada\u0161njeg grada \u2013 bedeme, kule i tragove \u017eivota unutar zidina. Kao kulturno dobro od velikog zna\u010daja, Kupinik je svedo\u010danstvo o vekovima borbe, prilago\u0111avanja i opstanka stanovni\u0161tva Srema. Njegovi ostaci podse\u0107aju da je ovaj prostor kroz istoriju bio mesto susreta razli\u010ditih civilizacija, ali i \u010duvar tradicije koja se prenosila s generacije na generaciju.<\/p>\n\n\n\n<p>Vi\u0161e na: https:\/\/kcpecinci.rs\/virtuelni-muzej\/kulturno_dobro\/kupinovo-tvrdava-kupinik\/<\/p>\n","protected":false},"excerpt":{"rendered":"<p>U istoriji Donjeg Srema posebno mesto zauzimaju despoti iz loze Brankovi\u0107a, \u010dija je vlast u 15. veku oblikovala politi\u010dki i kulturni pejza\u017e ovog prostora. Nakon pada srednjovekovne Srbije pod sve ja\u010dim osmanskim pritiskom, Srem je postao nova politi\u010dka i duhovna oaza srpskog dr\u017eavotvornog \u017eivota. Despoti Brankovi\u0107i, oslanjaju\u0107i se na ugarsku podr\u0161ku, upravljali su Sremom kao [&hellip;]<\/p>\n","protected":false},"author":4,"featured_media":1873,"comment_status":"closed","ping_status":"open","sticky":false,"template":"","format":"standard","meta":{"_acf_changed":false,"footnotes":""},"categories":[1],"tags":[],"class_list":["post-1872","post","type-post","status-publish","format-standard","has-post-thumbnail","hentry","category-uncategorized"],"acf":[],"mb":[],"yoast_head":"<!-- This site is optimized with the Yoast SEO plugin v26.8 - https:\/\/yoast.com\/product\/yoast-seo-wordpress\/ -->\n<title>Zmaj Ognjeni Vuk kao simbol Kupinika i srednjovekovne mo\u0107i Srema - Virtuelni muzej nepokretnog kulturnog nasle\u0111a u Donjem Sremu<\/title>\n<meta name=\"robots\" content=\"index, follow, max-snippet:-1, max-image-preview:large, max-video-preview:-1\" \/>\n<link rel=\"canonical\" href=\"https:\/\/kcpecinci.rs\/virtuelni-muzej\/zmaj-ognjeni-vuk-kao-simbol-kupinika-i-srednjovekovne-moci-srema\/\" \/>\n<meta property=\"og:locale\" content=\"sr_RS\" \/>\n<meta property=\"og:type\" content=\"article\" \/>\n<meta property=\"og:title\" content=\"Zmaj Ognjeni Vuk kao simbol Kupinika i srednjovekovne mo\u0107i Srema - Virtuelni muzej nepokretnog kulturnog nasle\u0111a u Donjem Sremu\" \/>\n<meta property=\"og:description\" content=\"U istoriji Donjeg Srema posebno mesto zauzimaju despoti iz loze Brankovi\u0107a, \u010dija je vlast u 15. veku oblikovala politi\u010dki i kulturni pejza\u017e ovog prostora. Nakon pada srednjovekovne Srbije pod sve ja\u010dim osmanskim pritiskom, Srem je postao nova politi\u010dka i duhovna oaza srpskog dr\u017eavotvornog \u017eivota. Despoti Brankovi\u0107i, oslanjaju\u0107i se na ugarsku podr\u0161ku, upravljali su Sremom kao [&hellip;]\" \/>\n<meta property=\"og:url\" content=\"https:\/\/kcpecinci.rs\/virtuelni-muzej\/zmaj-ognjeni-vuk-kao-simbol-kupinika-i-srednjovekovne-moci-srema\/\" \/>\n<meta property=\"og:site_name\" content=\"Virtuelni muzej nepokretnog kulturnog nasle\u0111a u Donjem Sremu\" \/>\n<meta property=\"article:published_time\" content=\"2026-02-27T14:43:01+00:00\" \/>\n<meta property=\"article:modified_time\" content=\"2026-02-27T14:43:03+00:00\" \/>\n<meta property=\"og:image\" content=\"https:\/\/kcpecinci.rs\/virtuelni-muzej\/wp-content\/uploads\/sites\/2\/2026\/02\/zmaj-ognjeni-vuk-1024x539-1.jpg\" \/>\n\t<meta property=\"og:image:width\" content=\"1024\" \/>\n\t<meta property=\"og:image:height\" content=\"539\" \/>\n\t<meta property=\"og:image:type\" content=\"image\/jpeg\" \/>\n<meta name=\"author\" content=\"kcpmuzejslobodan\" \/>\n<meta name=\"twitter:card\" content=\"summary_large_image\" \/>\n<meta name=\"twitter:label1\" content=\"Napisano od\" \/>\n\t<meta name=\"twitter:data1\" content=\"kcpmuzejslobodan\" \/>\n\t<meta name=\"twitter:label2\" content=\"Procenjeno vreme \u010ditanja\" \/>\n\t<meta name=\"twitter:data2\" content=\"3 minuta\" \/>\n<script type=\"application\/ld+json\" class=\"yoast-schema-graph\">{\"@context\":\"https:\/\/schema.org\",\"@graph\":[{\"@type\":\"Article\",\"@id\":\"https:\/\/kcpecinci.rs\/virtuelni-muzej\/zmaj-ognjeni-vuk-kao-simbol-kupinika-i-srednjovekovne-moci-srema\/#article\",\"isPartOf\":{\"@id\":\"https:\/\/kcpecinci.rs\/virtuelni-muzej\/zmaj-ognjeni-vuk-kao-simbol-kupinika-i-srednjovekovne-moci-srema\/\"},\"author\":{\"name\":\"kcpmuzejslobodan\",\"@id\":\"https:\/\/kcpecinci.rs\/virtuelni-muzej\/#\/schema\/person\/532d9f7bca992138e7a97f8626babfd3\"},\"headline\":\"Zmaj Ognjeni Vuk kao simbol Kupinika i srednjovekovne mo\u0107i Srema\",\"datePublished\":\"2026-02-27T14:43:01+00:00\",\"dateModified\":\"2026-02-27T14:43:03+00:00\",\"mainEntityOfPage\":{\"@id\":\"https:\/\/kcpecinci.rs\/virtuelni-muzej\/zmaj-ognjeni-vuk-kao-simbol-kupinika-i-srednjovekovne-moci-srema\/\"},\"wordCount\":437,\"publisher\":{\"@id\":\"https:\/\/kcpecinci.rs\/virtuelni-muzej\/#organization\"},\"image\":{\"@id\":\"https:\/\/kcpecinci.rs\/virtuelni-muzej\/zmaj-ognjeni-vuk-kao-simbol-kupinika-i-srednjovekovne-moci-srema\/#primaryimage\"},\"thumbnailUrl\":\"https:\/\/kcpecinci.rs\/virtuelni-muzej\/wp-content\/uploads\/sites\/2\/2026\/02\/zmaj-ognjeni-vuk-1024x539-1.jpg\",\"articleSection\":[\"Uncategorized\"],\"inLanguage\":\"sr-RS\"},{\"@type\":\"WebPage\",\"@id\":\"https:\/\/kcpecinci.rs\/virtuelni-muzej\/zmaj-ognjeni-vuk-kao-simbol-kupinika-i-srednjovekovne-moci-srema\/\",\"url\":\"https:\/\/kcpecinci.rs\/virtuelni-muzej\/zmaj-ognjeni-vuk-kao-simbol-kupinika-i-srednjovekovne-moci-srema\/\",\"name\":\"Zmaj Ognjeni Vuk kao simbol Kupinika i srednjovekovne mo\u0107i Srema - Virtuelni muzej nepokretnog kulturnog nasle\u0111a u Donjem Sremu\",\"isPartOf\":{\"@id\":\"https:\/\/kcpecinci.rs\/virtuelni-muzej\/#website\"},\"primaryImageOfPage\":{\"@id\":\"https:\/\/kcpecinci.rs\/virtuelni-muzej\/zmaj-ognjeni-vuk-kao-simbol-kupinika-i-srednjovekovne-moci-srema\/#primaryimage\"},\"image\":{\"@id\":\"https:\/\/kcpecinci.rs\/virtuelni-muzej\/zmaj-ognjeni-vuk-kao-simbol-kupinika-i-srednjovekovne-moci-srema\/#primaryimage\"},\"thumbnailUrl\":\"https:\/\/kcpecinci.rs\/virtuelni-muzej\/wp-content\/uploads\/sites\/2\/2026\/02\/zmaj-ognjeni-vuk-1024x539-1.jpg\",\"datePublished\":\"2026-02-27T14:43:01+00:00\",\"dateModified\":\"2026-02-27T14:43:03+00:00\",\"breadcrumb\":{\"@id\":\"https:\/\/kcpecinci.rs\/virtuelni-muzej\/zmaj-ognjeni-vuk-kao-simbol-kupinika-i-srednjovekovne-moci-srema\/#breadcrumb\"},\"inLanguage\":\"sr-RS\",\"potentialAction\":[{\"@type\":\"ReadAction\",\"target\":[\"https:\/\/kcpecinci.rs\/virtuelni-muzej\/zmaj-ognjeni-vuk-kao-simbol-kupinika-i-srednjovekovne-moci-srema\/\"]}]},{\"@type\":\"ImageObject\",\"inLanguage\":\"sr-RS\",\"@id\":\"https:\/\/kcpecinci.rs\/virtuelni-muzej\/zmaj-ognjeni-vuk-kao-simbol-kupinika-i-srednjovekovne-moci-srema\/#primaryimage\",\"url\":\"https:\/\/kcpecinci.rs\/virtuelni-muzej\/wp-content\/uploads\/sites\/2\/2026\/02\/zmaj-ognjeni-vuk-1024x539-1.jpg\",\"contentUrl\":\"https:\/\/kcpecinci.rs\/virtuelni-muzej\/wp-content\/uploads\/sites\/2\/2026\/02\/zmaj-ognjeni-vuk-1024x539-1.jpg\",\"width\":1024,\"height\":539},{\"@type\":\"BreadcrumbList\",\"@id\":\"https:\/\/kcpecinci.rs\/virtuelni-muzej\/zmaj-ognjeni-vuk-kao-simbol-kupinika-i-srednjovekovne-moci-srema\/#breadcrumb\",\"itemListElement\":[{\"@type\":\"ListItem\",\"position\":1,\"name\":\"\u041f\u043e\u0447\u0435\u0442\u043d\u0430\",\"item\":\"https:\/\/kcpecinci.rs\/virtuelni-muzej\/\"},{\"@type\":\"ListItem\",\"position\":2,\"name\":\"Zmaj Ognjeni Vuk kao simbol Kupinika i srednjovekovne mo\u0107i Srema\"}]},{\"@type\":\"WebSite\",\"@id\":\"https:\/\/kcpecinci.rs\/virtuelni-muzej\/#website\",\"url\":\"https:\/\/kcpecinci.rs\/virtuelni-muzej\/\",\"name\":\"Virtuelni muzej nepokretnog kulturnog nasle\u0111a u Donjem Sremu\",\"description\":\"Pri\u010de i spomenici Donjeg Srema\",\"publisher\":{\"@id\":\"https:\/\/kcpecinci.rs\/virtuelni-muzej\/#organization\"},\"potentialAction\":[{\"@type\":\"SearchAction\",\"target\":{\"@type\":\"EntryPoint\",\"urlTemplate\":\"https:\/\/kcpecinci.rs\/virtuelni-muzej\/?s={search_term_string}\"},\"query-input\":{\"@type\":\"PropertyValueSpecification\",\"valueRequired\":true,\"valueName\":\"search_term_string\"}}],\"inLanguage\":\"sr-RS\"},{\"@type\":\"Organization\",\"@id\":\"https:\/\/kcpecinci.rs\/virtuelni-muzej\/#organization\",\"name\":\"Virtuelni muzej nepokretnog kulturnog nasle\u0111a u Donjem Sremu\",\"url\":\"https:\/\/kcpecinci.rs\/virtuelni-muzej\/\",\"logo\":{\"@type\":\"ImageObject\",\"inLanguage\":\"sr-RS\",\"@id\":\"https:\/\/kcpecinci.rs\/virtuelni-muzej\/#\/schema\/logo\/image\/\",\"url\":\"https:\/\/kcpecinci.rs\/virtuelni-muzej\/wp-content\/uploads\/sites\/2\/2026\/02\/logo-nobg.png\",\"contentUrl\":\"https:\/\/kcpecinci.rs\/virtuelni-muzej\/wp-content\/uploads\/sites\/2\/2026\/02\/logo-nobg.png\",\"width\":542,\"height\":443,\"caption\":\"Virtuelni muzej nepokretnog kulturnog nasle\u0111a u Donjem Sremu\"},\"image\":{\"@id\":\"https:\/\/kcpecinci.rs\/virtuelni-muzej\/#\/schema\/logo\/image\/\"}},{\"@type\":\"Person\",\"@id\":\"https:\/\/kcpecinci.rs\/virtuelni-muzej\/#\/schema\/person\/532d9f7bca992138e7a97f8626babfd3\",\"name\":\"kcpmuzejslobodan\",\"image\":{\"@type\":\"ImageObject\",\"inLanguage\":\"sr-RS\",\"@id\":\"https:\/\/kcpecinci.rs\/virtuelni-muzej\/#\/schema\/person\/image\/\",\"url\":\"https:\/\/secure.gravatar.com\/avatar\/8bc5bc92d0ba9ff6b97bec00facdf14fbe219b2a3dafa16dfeaf4d3c735a85e7?s=96&d=mm&r=g\",\"contentUrl\":\"https:\/\/secure.gravatar.com\/avatar\/8bc5bc92d0ba9ff6b97bec00facdf14fbe219b2a3dafa16dfeaf4d3c735a85e7?s=96&d=mm&r=g\",\"caption\":\"kcpmuzejslobodan\"},\"sameAs\":[\"https:\/\/kcpecinci.rs\/virtuelni-muzej\"],\"url\":\"https:\/\/kcpecinci.rs\/virtuelni-muzej\/author\/kcpmuzejslobodan\/\"}]}<\/script>\n<!-- \/ Yoast SEO plugin. -->","yoast_head_json":{"title":"Zmaj Ognjeni Vuk kao simbol Kupinika i srednjovekovne mo\u0107i Srema - Virtuelni muzej nepokretnog kulturnog nasle\u0111a u Donjem Sremu","robots":{"index":"index","follow":"follow","max-snippet":"max-snippet:-1","max-image-preview":"max-image-preview:large","max-video-preview":"max-video-preview:-1"},"canonical":"https:\/\/kcpecinci.rs\/virtuelni-muzej\/zmaj-ognjeni-vuk-kao-simbol-kupinika-i-srednjovekovne-moci-srema\/","og_locale":"sr_RS","og_type":"article","og_title":"Zmaj Ognjeni Vuk kao simbol Kupinika i srednjovekovne mo\u0107i Srema - Virtuelni muzej nepokretnog kulturnog nasle\u0111a u Donjem Sremu","og_description":"U istoriji Donjeg Srema posebno mesto zauzimaju despoti iz loze Brankovi\u0107a, \u010dija je vlast u 15. veku oblikovala politi\u010dki i kulturni pejza\u017e ovog prostora. Nakon pada srednjovekovne Srbije pod sve ja\u010dim osmanskim pritiskom, Srem je postao nova politi\u010dka i duhovna oaza srpskog dr\u017eavotvornog \u017eivota. Despoti Brankovi\u0107i, oslanjaju\u0107i se na ugarsku podr\u0161ku, upravljali su Sremom kao [&hellip;]","og_url":"https:\/\/kcpecinci.rs\/virtuelni-muzej\/zmaj-ognjeni-vuk-kao-simbol-kupinika-i-srednjovekovne-moci-srema\/","og_site_name":"Virtuelni muzej nepokretnog kulturnog nasle\u0111a u Donjem Sremu","article_published_time":"2026-02-27T14:43:01+00:00","article_modified_time":"2026-02-27T14:43:03+00:00","og_image":[{"width":1024,"height":539,"url":"https:\/\/kcpecinci.rs\/virtuelni-muzej\/wp-content\/uploads\/sites\/2\/2026\/02\/zmaj-ognjeni-vuk-1024x539-1.jpg","type":"image\/jpeg"}],"author":"kcpmuzejslobodan","twitter_card":"summary_large_image","twitter_misc":{"\u041d\u0430\u043f\u0438\u0441\u0430\u043d\u043e \u043e\u0434":"kcpmuzejslobodan","\u041f\u0440\u043e\u0446\u0435\u045a\u0435\u043d\u043e \u0432\u0440\u0435\u043c\u0435 \u0447\u0438\u0442\u0430\u045a\u0430":"3 minuta"},"schema":{"@context":"https:\/\/schema.org","@graph":[{"@type":"Article","@id":"https:\/\/kcpecinci.rs\/virtuelni-muzej\/zmaj-ognjeni-vuk-kao-simbol-kupinika-i-srednjovekovne-moci-srema\/#article","isPartOf":{"@id":"https:\/\/kcpecinci.rs\/virtuelni-muzej\/zmaj-ognjeni-vuk-kao-simbol-kupinika-i-srednjovekovne-moci-srema\/"},"author":{"name":"kcpmuzejslobodan","@id":"https:\/\/kcpecinci.rs\/virtuelni-muzej\/#\/schema\/person\/532d9f7bca992138e7a97f8626babfd3"},"headline":"Zmaj Ognjeni Vuk kao simbol Kupinika i srednjovekovne mo\u0107i Srema","datePublished":"2026-02-27T14:43:01+00:00","dateModified":"2026-02-27T14:43:03+00:00","mainEntityOfPage":{"@id":"https:\/\/kcpecinci.rs\/virtuelni-muzej\/zmaj-ognjeni-vuk-kao-simbol-kupinika-i-srednjovekovne-moci-srema\/"},"wordCount":437,"publisher":{"@id":"https:\/\/kcpecinci.rs\/virtuelni-muzej\/#organization"},"image":{"@id":"https:\/\/kcpecinci.rs\/virtuelni-muzej\/zmaj-ognjeni-vuk-kao-simbol-kupinika-i-srednjovekovne-moci-srema\/#primaryimage"},"thumbnailUrl":"https:\/\/kcpecinci.rs\/virtuelni-muzej\/wp-content\/uploads\/sites\/2\/2026\/02\/zmaj-ognjeni-vuk-1024x539-1.jpg","articleSection":["Uncategorized"],"inLanguage":"sr-RS"},{"@type":"WebPage","@id":"https:\/\/kcpecinci.rs\/virtuelni-muzej\/zmaj-ognjeni-vuk-kao-simbol-kupinika-i-srednjovekovne-moci-srema\/","url":"https:\/\/kcpecinci.rs\/virtuelni-muzej\/zmaj-ognjeni-vuk-kao-simbol-kupinika-i-srednjovekovne-moci-srema\/","name":"Zmaj Ognjeni Vuk kao simbol Kupinika i srednjovekovne mo\u0107i Srema - Virtuelni muzej nepokretnog kulturnog nasle\u0111a u Donjem Sremu","isPartOf":{"@id":"https:\/\/kcpecinci.rs\/virtuelni-muzej\/#website"},"primaryImageOfPage":{"@id":"https:\/\/kcpecinci.rs\/virtuelni-muzej\/zmaj-ognjeni-vuk-kao-simbol-kupinika-i-srednjovekovne-moci-srema\/#primaryimage"},"image":{"@id":"https:\/\/kcpecinci.rs\/virtuelni-muzej\/zmaj-ognjeni-vuk-kao-simbol-kupinika-i-srednjovekovne-moci-srema\/#primaryimage"},"thumbnailUrl":"https:\/\/kcpecinci.rs\/virtuelni-muzej\/wp-content\/uploads\/sites\/2\/2026\/02\/zmaj-ognjeni-vuk-1024x539-1.jpg","datePublished":"2026-02-27T14:43:01+00:00","dateModified":"2026-02-27T14:43:03+00:00","breadcrumb":{"@id":"https:\/\/kcpecinci.rs\/virtuelni-muzej\/zmaj-ognjeni-vuk-kao-simbol-kupinika-i-srednjovekovne-moci-srema\/#breadcrumb"},"inLanguage":"sr-RS","potentialAction":[{"@type":"ReadAction","target":["https:\/\/kcpecinci.rs\/virtuelni-muzej\/zmaj-ognjeni-vuk-kao-simbol-kupinika-i-srednjovekovne-moci-srema\/"]}]},{"@type":"ImageObject","inLanguage":"sr-RS","@id":"https:\/\/kcpecinci.rs\/virtuelni-muzej\/zmaj-ognjeni-vuk-kao-simbol-kupinika-i-srednjovekovne-moci-srema\/#primaryimage","url":"https:\/\/kcpecinci.rs\/virtuelni-muzej\/wp-content\/uploads\/sites\/2\/2026\/02\/zmaj-ognjeni-vuk-1024x539-1.jpg","contentUrl":"https:\/\/kcpecinci.rs\/virtuelni-muzej\/wp-content\/uploads\/sites\/2\/2026\/02\/zmaj-ognjeni-vuk-1024x539-1.jpg","width":1024,"height":539},{"@type":"BreadcrumbList","@id":"https:\/\/kcpecinci.rs\/virtuelni-muzej\/zmaj-ognjeni-vuk-kao-simbol-kupinika-i-srednjovekovne-moci-srema\/#breadcrumb","itemListElement":[{"@type":"ListItem","position":1,"name":"Po\u010detna","item":"https:\/\/kcpecinci.rs\/virtuelni-muzej\/"},{"@type":"ListItem","position":2,"name":"Zmaj Ognjeni Vuk kao simbol Kupinika i srednjovekovne mo\u0107i Srema"}]},{"@type":"WebSite","@id":"https:\/\/kcpecinci.rs\/virtuelni-muzej\/#website","url":"https:\/\/kcpecinci.rs\/virtuelni-muzej\/","name":"Virtuelni muzej nepokretnog kulturnog nasle\u0111a u Donjem Sremu","description":"Pri\u010de i spomenici Donjeg Srema","publisher":{"@id":"https:\/\/kcpecinci.rs\/virtuelni-muzej\/#organization"},"potentialAction":[{"@type":"SearchAction","target":{"@type":"EntryPoint","urlTemplate":"https:\/\/kcpecinci.rs\/virtuelni-muzej\/?s={search_term_string}"},"query-input":{"@type":"PropertyValueSpecification","valueRequired":true,"valueName":"search_term_string"}}],"inLanguage":"sr-RS"},{"@type":"Organization","@id":"https:\/\/kcpecinci.rs\/virtuelni-muzej\/#organization","name":"Virtuelni muzej nepokretnog kulturnog nasle\u0111a u Donjem Sremu","url":"https:\/\/kcpecinci.rs\/virtuelni-muzej\/","logo":{"@type":"ImageObject","inLanguage":"sr-RS","@id":"https:\/\/kcpecinci.rs\/virtuelni-muzej\/#\/schema\/logo\/image\/","url":"https:\/\/kcpecinci.rs\/virtuelni-muzej\/wp-content\/uploads\/sites\/2\/2026\/02\/logo-nobg.png","contentUrl":"https:\/\/kcpecinci.rs\/virtuelni-muzej\/wp-content\/uploads\/sites\/2\/2026\/02\/logo-nobg.png","width":542,"height":443,"caption":"Virtuelni muzej nepokretnog kulturnog nasle\u0111a u Donjem Sremu"},"image":{"@id":"https:\/\/kcpecinci.rs\/virtuelni-muzej\/#\/schema\/logo\/image\/"}},{"@type":"Person","@id":"https:\/\/kcpecinci.rs\/virtuelni-muzej\/#\/schema\/person\/532d9f7bca992138e7a97f8626babfd3","name":"kcpmuzejslobodan","image":{"@type":"ImageObject","inLanguage":"sr-RS","@id":"https:\/\/kcpecinci.rs\/virtuelni-muzej\/#\/schema\/person\/image\/","url":"https:\/\/secure.gravatar.com\/avatar\/8bc5bc92d0ba9ff6b97bec00facdf14fbe219b2a3dafa16dfeaf4d3c735a85e7?s=96&d=mm&r=g","contentUrl":"https:\/\/secure.gravatar.com\/avatar\/8bc5bc92d0ba9ff6b97bec00facdf14fbe219b2a3dafa16dfeaf4d3c735a85e7?s=96&d=mm&r=g","caption":"kcpmuzejslobodan"},"sameAs":["https:\/\/kcpecinci.rs\/virtuelni-muzej"],"url":"https:\/\/kcpecinci.rs\/virtuelni-muzej\/author\/kcpmuzejslobodan\/"}]}},"mfb_rest_fields":["title","yoast_head","yoast_head_json"],"_links":{"self":[{"href":"https:\/\/kcpecinci.rs\/virtuelni-muzej\/wp-json\/wp\/v2\/posts\/1872","targetHints":{"allow":["GET"]}}],"collection":[{"href":"https:\/\/kcpecinci.rs\/virtuelni-muzej\/wp-json\/wp\/v2\/posts"}],"about":[{"href":"https:\/\/kcpecinci.rs\/virtuelni-muzej\/wp-json\/wp\/v2\/types\/post"}],"author":[{"embeddable":true,"href":"https:\/\/kcpecinci.rs\/virtuelni-muzej\/wp-json\/wp\/v2\/users\/4"}],"replies":[{"embeddable":true,"href":"https:\/\/kcpecinci.rs\/virtuelni-muzej\/wp-json\/wp\/v2\/comments?post=1872"}],"version-history":[{"count":1,"href":"https:\/\/kcpecinci.rs\/virtuelni-muzej\/wp-json\/wp\/v2\/posts\/1872\/revisions"}],"predecessor-version":[{"id":1874,"href":"https:\/\/kcpecinci.rs\/virtuelni-muzej\/wp-json\/wp\/v2\/posts\/1872\/revisions\/1874"}],"wp:featuredmedia":[{"embeddable":true,"href":"https:\/\/kcpecinci.rs\/virtuelni-muzej\/wp-json\/wp\/v2\/media\/1873"}],"wp:attachment":[{"href":"https:\/\/kcpecinci.rs\/virtuelni-muzej\/wp-json\/wp\/v2\/media?parent=1872"}],"wp:term":[{"taxonomy":"category","embeddable":true,"href":"https:\/\/kcpecinci.rs\/virtuelni-muzej\/wp-json\/wp\/v2\/categories?post=1872"},{"taxonomy":"post_tag","embeddable":true,"href":"https:\/\/kcpecinci.rs\/virtuelni-muzej\/wp-json\/wp\/v2\/tags?post=1872"}],"curies":[{"name":"wp","href":"https:\/\/api.w.org\/{rel}","templated":true}]}}