{"id":1868,"date":"2026-02-27T14:31:15","date_gmt":"2026-02-27T14:31:15","guid":{"rendered":"https:\/\/kcpecinci.rs\/virtuelni-muzej\/?p=1868"},"modified":"2026-02-27T14:33:36","modified_gmt":"2026-02-27T14:33:36","slug":"boravak-karadjordja-u-donjem-sremu","status":"publish","type":"post","link":"https:\/\/kcpecinci.rs\/virtuelni-muzej\/boravak-karadjordja-u-donjem-sremu\/","title":{"rendered":"Boravak Kara\u0111or\u0111a u Donjem Sremu"},"content":{"rendered":"\n<p>Kada se govori o Donjem Sremu kao prostoru kulturnog i istorijskog nasle\u0111a, \u010desto se pominju manastiri, stare seoske ku\u0107e i tragovi nekada\u0161njih puteva koji su povezivali Srem sa ostatkom Balkana. Jedan od tih tragova vezan je za 1787. godinu \u2013 vreme Austro-turskog rata \u2013 kada je mladi \u0110or\u0111e Petrovi\u0107, kasnije poznat kao Kara\u0111or\u0111e, prolazio kroz ovaj kraj na svom putu ka Srbiji.<\/p>\n\n\n\n<p>U tom trenutku imao je oko 25 godina, ako prihvatimo naj\u010de\u0161\u0107e istorijsko tuma\u010denje da je ro\u0111en 1762. godine. Bio je to period u kojem se njegov \u017eivot jo\u0161 nije pretvorio u istorijsku legendu. Bio je mladi \u010dovek, ratnik i begunac, koji je poput mnogih drugih tra\u017eio mesto u svetu obele\u017eenom sukobima i politi\u010dkim previranjima. Srem, sa svojim ravnicama i malim selima, bio je prolazna zona \u2013 ali i prostor u kojem su se odvijale sudbine ljudi koji su ostavili trag u istoriji.<\/p>\n\n\n\n<p>Prema predanju i istorijskim zapisima, Kara\u0111or\u0111e je nakon bekstva iz austrijskih vojnih redova boravio u Kru\u0161edolu, a zatim je nastavio put kroz sremska sela \u2013 me\u0111u njima i Popince. To nije bio veliki doga\u0111aj u lokalnim hronikama tog vremena: jedan putnik, mo\u017eda samo na kratko, zastao je u selu. Ali sa istorijske distance, taj prolazak dobija druga\u010dije zna\u010denje. Popinci su bili deo puta koji je vodio ka doga\u0111ajima \u0161to \u0107e dovesti do Prvog srpskog ustanka i stvaranja moderne srpske dr\u017eave.<\/p>\n\n\n\n<p>Ku\u0107a u ulici Fru\u0161kogorska 21, na kojoj danas stoji spomen-plo\u010da, materijalni je podsetnik na tu istorijsku epizodu. Iako je zgrada vremenom propala i pretrpela izmene, njeno postojanje simbolizuje kontinuitet \u017eivota u Donjem Sremu. To je mesto gde se ukr\u0161taju lokalna i nacionalna istorija: jedna mala ku\u0107a postaje svedok velikih doga\u0111aja.<\/p>\n\n\n\n<p>Ova pri\u010da je primer nevidljivih slojeva istorije: pra\u0161njavi putevi, zapre\u017ena kola, male kr\u010dme i seoska doma\u0107instva koja su pru\u017eala uto\u010di\u0161te putnicima. Mladi Kara\u0111or\u0111e, tada jo\u0161 nepoznat \u0161iroj javnosti, mogao je u Popincima da zastane samo na kratko \u2013 mo\u017eda da se odmori, nabavi hranu ili dobije informacije o daljem putu.<\/p>\n\n\n\n<p>Ovaj doga\u0111aj nas podse\u0107a da istorija nije sastavljena samo od velikih bitaka i politi\u010dkih odluka, ve\u0107 i od malih, gotovo neprimetnih trenutaka. Prolazak jednog \u010doveka kroz selo mo\u017ee kasnije dobiti zna\u010denje koje niko u tom trenutku nije mogao da predvidi. Donji Srem, sa svojim kulturnim dobrima i spomenicima, \u010duva upravo te pri\u010de \u2013 pri\u010de o ljudima i mestima koja su bila deo \u0161irih istorijskih procesa.<\/p>\n\n\n\n<p>V\u0161e na: https:\/\/kcpecinci.rs\/virtuelni-muzej\/kulturno_dobro\/popinci-kuca-u-ulici-fruskogorska-broj-21\/<\/p>\n","protected":false},"excerpt":{"rendered":"<p>Kada se govori o Donjem Sremu kao prostoru kulturnog i istorijskog nasle\u0111a, \u010desto se pominju manastiri, stare seoske ku\u0107e i tragovi nekada\u0161njih puteva koji su povezivali Srem sa ostatkom Balkana. Jedan od tih tragova vezan je za 1787. godinu \u2013 vreme Austro-turskog rata \u2013 kada je mladi \u0110or\u0111e Petrovi\u0107, kasnije poznat kao Kara\u0111or\u0111e, prolazio kroz [&hellip;]<\/p>\n","protected":false},"author":4,"featured_media":1869,"comment_status":"closed","ping_status":"open","sticky":false,"template":"","format":"standard","meta":{"_acf_changed":false,"footnotes":""},"categories":[1],"tags":[],"class_list":["post-1868","post","type-post","status-publish","format-standard","has-post-thumbnail","hentry","category-uncategorized"],"acf":[],"mb":[],"yoast_head":"<!-- This site is optimized with the Yoast SEO plugin v26.8 - https:\/\/yoast.com\/product\/yoast-seo-wordpress\/ -->\n<title>Boravak Kara\u0111or\u0111a u Donjem Sremu - Virtuelni muzej nepokretnog kulturnog nasle\u0111a u Donjem Sremu<\/title>\n<meta name=\"robots\" content=\"index, follow, max-snippet:-1, max-image-preview:large, max-video-preview:-1\" \/>\n<link rel=\"canonical\" href=\"https:\/\/kcpecinci.rs\/virtuelni-muzej\/boravak-karadjordja-u-donjem-sremu\/\" \/>\n<meta property=\"og:locale\" content=\"sr_RS\" \/>\n<meta property=\"og:type\" content=\"article\" \/>\n<meta property=\"og:title\" content=\"Boravak Kara\u0111or\u0111a u Donjem Sremu - Virtuelni muzej nepokretnog kulturnog nasle\u0111a u Donjem Sremu\" \/>\n<meta property=\"og:description\" content=\"Kada se govori o Donjem Sremu kao prostoru kulturnog i istorijskog nasle\u0111a, \u010desto se pominju manastiri, stare seoske ku\u0107e i tragovi nekada\u0161njih puteva koji su povezivali Srem sa ostatkom Balkana. Jedan od tih tragova vezan je za 1787. godinu \u2013 vreme Austro-turskog rata \u2013 kada je mladi \u0110or\u0111e Petrovi\u0107, kasnije poznat kao Kara\u0111or\u0111e, prolazio kroz [&hellip;]\" \/>\n<meta property=\"og:url\" content=\"https:\/\/kcpecinci.rs\/virtuelni-muzej\/boravak-karadjordja-u-donjem-sremu\/\" \/>\n<meta property=\"og:site_name\" content=\"Virtuelni muzej nepokretnog kulturnog nasle\u0111a u Donjem Sremu\" \/>\n<meta property=\"article:published_time\" content=\"2026-02-27T14:31:15+00:00\" \/>\n<meta property=\"article:modified_time\" content=\"2026-02-27T14:33:36+00:00\" \/>\n<meta property=\"og:image\" content=\"https:\/\/kcpecinci.rs\/virtuelni-muzej\/wp-content\/uploads\/sites\/2\/2026\/02\/The-Assassination-of-Karadjordje-1863.-National-Museum-Belgrade.jpg\" \/>\n\t<meta property=\"og:image:width\" content=\"800\" \/>\n\t<meta property=\"og:image:height\" content=\"619\" \/>\n\t<meta property=\"og:image:type\" content=\"image\/jpeg\" \/>\n<meta name=\"author\" content=\"kcpmuzejslobodan\" \/>\n<meta name=\"twitter:card\" content=\"summary_large_image\" \/>\n<meta name=\"twitter:label1\" content=\"Napisano od\" \/>\n\t<meta name=\"twitter:data1\" content=\"kcpmuzejslobodan\" \/>\n\t<meta name=\"twitter:label2\" content=\"Procenjeno vreme \u010ditanja\" \/>\n\t<meta name=\"twitter:data2\" content=\"3 minuta\" \/>\n<script type=\"application\/ld+json\" class=\"yoast-schema-graph\">{\"@context\":\"https:\/\/schema.org\",\"@graph\":[{\"@type\":\"Article\",\"@id\":\"https:\/\/kcpecinci.rs\/virtuelni-muzej\/boravak-karadjordja-u-donjem-sremu\/#article\",\"isPartOf\":{\"@id\":\"https:\/\/kcpecinci.rs\/virtuelni-muzej\/boravak-karadjordja-u-donjem-sremu\/\"},\"author\":{\"name\":\"kcpmuzejslobodan\",\"@id\":\"https:\/\/kcpecinci.rs\/virtuelni-muzej\/#\/schema\/person\/532d9f7bca992138e7a97f8626babfd3\"},\"headline\":\"Boravak Kara\u0111or\u0111a u Donjem Sremu\",\"datePublished\":\"2026-02-27T14:31:15+00:00\",\"dateModified\":\"2026-02-27T14:33:36+00:00\",\"mainEntityOfPage\":{\"@id\":\"https:\/\/kcpecinci.rs\/virtuelni-muzej\/boravak-karadjordja-u-donjem-sremu\/\"},\"wordCount\":443,\"publisher\":{\"@id\":\"https:\/\/kcpecinci.rs\/virtuelni-muzej\/#organization\"},\"image\":{\"@id\":\"https:\/\/kcpecinci.rs\/virtuelni-muzej\/boravak-karadjordja-u-donjem-sremu\/#primaryimage\"},\"thumbnailUrl\":\"https:\/\/kcpecinci.rs\/virtuelni-muzej\/wp-content\/uploads\/sites\/2\/2026\/02\/The-Assassination-of-Karadjordje-1863.-National-Museum-Belgrade.jpg\",\"articleSection\":[\"Uncategorized\"],\"inLanguage\":\"sr-RS\"},{\"@type\":\"WebPage\",\"@id\":\"https:\/\/kcpecinci.rs\/virtuelni-muzej\/boravak-karadjordja-u-donjem-sremu\/\",\"url\":\"https:\/\/kcpecinci.rs\/virtuelni-muzej\/boravak-karadjordja-u-donjem-sremu\/\",\"name\":\"Boravak Kara\u0111or\u0111a u Donjem Sremu - Virtuelni muzej nepokretnog kulturnog nasle\u0111a u Donjem Sremu\",\"isPartOf\":{\"@id\":\"https:\/\/kcpecinci.rs\/virtuelni-muzej\/#website\"},\"primaryImageOfPage\":{\"@id\":\"https:\/\/kcpecinci.rs\/virtuelni-muzej\/boravak-karadjordja-u-donjem-sremu\/#primaryimage\"},\"image\":{\"@id\":\"https:\/\/kcpecinci.rs\/virtuelni-muzej\/boravak-karadjordja-u-donjem-sremu\/#primaryimage\"},\"thumbnailUrl\":\"https:\/\/kcpecinci.rs\/virtuelni-muzej\/wp-content\/uploads\/sites\/2\/2026\/02\/The-Assassination-of-Karadjordje-1863.-National-Museum-Belgrade.jpg\",\"datePublished\":\"2026-02-27T14:31:15+00:00\",\"dateModified\":\"2026-02-27T14:33:36+00:00\",\"breadcrumb\":{\"@id\":\"https:\/\/kcpecinci.rs\/virtuelni-muzej\/boravak-karadjordja-u-donjem-sremu\/#breadcrumb\"},\"inLanguage\":\"sr-RS\",\"potentialAction\":[{\"@type\":\"ReadAction\",\"target\":[\"https:\/\/kcpecinci.rs\/virtuelni-muzej\/boravak-karadjordja-u-donjem-sremu\/\"]}]},{\"@type\":\"ImageObject\",\"inLanguage\":\"sr-RS\",\"@id\":\"https:\/\/kcpecinci.rs\/virtuelni-muzej\/boravak-karadjordja-u-donjem-sremu\/#primaryimage\",\"url\":\"https:\/\/kcpecinci.rs\/virtuelni-muzej\/wp-content\/uploads\/sites\/2\/2026\/02\/The-Assassination-of-Karadjordje-1863.-National-Museum-Belgrade.jpg\",\"contentUrl\":\"https:\/\/kcpecinci.rs\/virtuelni-muzej\/wp-content\/uploads\/sites\/2\/2026\/02\/The-Assassination-of-Karadjordje-1863.-National-Museum-Belgrade.jpg\",\"width\":800,\"height\":619},{\"@type\":\"BreadcrumbList\",\"@id\":\"https:\/\/kcpecinci.rs\/virtuelni-muzej\/boravak-karadjordja-u-donjem-sremu\/#breadcrumb\",\"itemListElement\":[{\"@type\":\"ListItem\",\"position\":1,\"name\":\"\u041f\u043e\u0447\u0435\u0442\u043d\u0430\",\"item\":\"https:\/\/kcpecinci.rs\/virtuelni-muzej\/\"},{\"@type\":\"ListItem\",\"position\":2,\"name\":\"Boravak Kara\u0111or\u0111a u Donjem Sremu\"}]},{\"@type\":\"WebSite\",\"@id\":\"https:\/\/kcpecinci.rs\/virtuelni-muzej\/#website\",\"url\":\"https:\/\/kcpecinci.rs\/virtuelni-muzej\/\",\"name\":\"Virtuelni muzej nepokretnog kulturnog nasle\u0111a u Donjem Sremu\",\"description\":\"Pri\u010de i spomenici Donjeg Srema\",\"publisher\":{\"@id\":\"https:\/\/kcpecinci.rs\/virtuelni-muzej\/#organization\"},\"potentialAction\":[{\"@type\":\"SearchAction\",\"target\":{\"@type\":\"EntryPoint\",\"urlTemplate\":\"https:\/\/kcpecinci.rs\/virtuelni-muzej\/?s={search_term_string}\"},\"query-input\":{\"@type\":\"PropertyValueSpecification\",\"valueRequired\":true,\"valueName\":\"search_term_string\"}}],\"inLanguage\":\"sr-RS\"},{\"@type\":\"Organization\",\"@id\":\"https:\/\/kcpecinci.rs\/virtuelni-muzej\/#organization\",\"name\":\"Virtuelni muzej nepokretnog kulturnog nasle\u0111a u Donjem Sremu\",\"url\":\"https:\/\/kcpecinci.rs\/virtuelni-muzej\/\",\"logo\":{\"@type\":\"ImageObject\",\"inLanguage\":\"sr-RS\",\"@id\":\"https:\/\/kcpecinci.rs\/virtuelni-muzej\/#\/schema\/logo\/image\/\",\"url\":\"https:\/\/kcpecinci.rs\/virtuelni-muzej\/wp-content\/uploads\/sites\/2\/2026\/02\/logo-nobg.png\",\"contentUrl\":\"https:\/\/kcpecinci.rs\/virtuelni-muzej\/wp-content\/uploads\/sites\/2\/2026\/02\/logo-nobg.png\",\"width\":542,\"height\":443,\"caption\":\"Virtuelni muzej nepokretnog kulturnog nasle\u0111a u Donjem Sremu\"},\"image\":{\"@id\":\"https:\/\/kcpecinci.rs\/virtuelni-muzej\/#\/schema\/logo\/image\/\"}},{\"@type\":\"Person\",\"@id\":\"https:\/\/kcpecinci.rs\/virtuelni-muzej\/#\/schema\/person\/532d9f7bca992138e7a97f8626babfd3\",\"name\":\"kcpmuzejslobodan\",\"image\":{\"@type\":\"ImageObject\",\"inLanguage\":\"sr-RS\",\"@id\":\"https:\/\/kcpecinci.rs\/virtuelni-muzej\/#\/schema\/person\/image\/\",\"url\":\"https:\/\/secure.gravatar.com\/avatar\/8bc5bc92d0ba9ff6b97bec00facdf14fbe219b2a3dafa16dfeaf4d3c735a85e7?s=96&d=mm&r=g\",\"contentUrl\":\"https:\/\/secure.gravatar.com\/avatar\/8bc5bc92d0ba9ff6b97bec00facdf14fbe219b2a3dafa16dfeaf4d3c735a85e7?s=96&d=mm&r=g\",\"caption\":\"kcpmuzejslobodan\"},\"sameAs\":[\"https:\/\/kcpecinci.rs\/virtuelni-muzej\"],\"url\":\"https:\/\/kcpecinci.rs\/virtuelni-muzej\/author\/kcpmuzejslobodan\/\"}]}<\/script>\n<!-- \/ Yoast SEO plugin. -->","yoast_head_json":{"title":"Boravak Kara\u0111or\u0111a u Donjem Sremu - Virtuelni muzej nepokretnog kulturnog nasle\u0111a u Donjem Sremu","robots":{"index":"index","follow":"follow","max-snippet":"max-snippet:-1","max-image-preview":"max-image-preview:large","max-video-preview":"max-video-preview:-1"},"canonical":"https:\/\/kcpecinci.rs\/virtuelni-muzej\/boravak-karadjordja-u-donjem-sremu\/","og_locale":"sr_RS","og_type":"article","og_title":"Boravak Kara\u0111or\u0111a u Donjem Sremu - Virtuelni muzej nepokretnog kulturnog nasle\u0111a u Donjem Sremu","og_description":"Kada se govori o Donjem Sremu kao prostoru kulturnog i istorijskog nasle\u0111a, \u010desto se pominju manastiri, stare seoske ku\u0107e i tragovi nekada\u0161njih puteva koji su povezivali Srem sa ostatkom Balkana. Jedan od tih tragova vezan je za 1787. godinu \u2013 vreme Austro-turskog rata \u2013 kada je mladi \u0110or\u0111e Petrovi\u0107, kasnije poznat kao Kara\u0111or\u0111e, prolazio kroz [&hellip;]","og_url":"https:\/\/kcpecinci.rs\/virtuelni-muzej\/boravak-karadjordja-u-donjem-sremu\/","og_site_name":"Virtuelni muzej nepokretnog kulturnog nasle\u0111a u Donjem Sremu","article_published_time":"2026-02-27T14:31:15+00:00","article_modified_time":"2026-02-27T14:33:36+00:00","og_image":[{"width":800,"height":619,"url":"https:\/\/kcpecinci.rs\/virtuelni-muzej\/wp-content\/uploads\/sites\/2\/2026\/02\/The-Assassination-of-Karadjordje-1863.-National-Museum-Belgrade.jpg","type":"image\/jpeg"}],"author":"kcpmuzejslobodan","twitter_card":"summary_large_image","twitter_misc":{"\u041d\u0430\u043f\u0438\u0441\u0430\u043d\u043e \u043e\u0434":"kcpmuzejslobodan","\u041f\u0440\u043e\u0446\u0435\u045a\u0435\u043d\u043e \u0432\u0440\u0435\u043c\u0435 \u0447\u0438\u0442\u0430\u045a\u0430":"3 minuta"},"schema":{"@context":"https:\/\/schema.org","@graph":[{"@type":"Article","@id":"https:\/\/kcpecinci.rs\/virtuelni-muzej\/boravak-karadjordja-u-donjem-sremu\/#article","isPartOf":{"@id":"https:\/\/kcpecinci.rs\/virtuelni-muzej\/boravak-karadjordja-u-donjem-sremu\/"},"author":{"name":"kcpmuzejslobodan","@id":"https:\/\/kcpecinci.rs\/virtuelni-muzej\/#\/schema\/person\/532d9f7bca992138e7a97f8626babfd3"},"headline":"Boravak Kara\u0111or\u0111a u Donjem Sremu","datePublished":"2026-02-27T14:31:15+00:00","dateModified":"2026-02-27T14:33:36+00:00","mainEntityOfPage":{"@id":"https:\/\/kcpecinci.rs\/virtuelni-muzej\/boravak-karadjordja-u-donjem-sremu\/"},"wordCount":443,"publisher":{"@id":"https:\/\/kcpecinci.rs\/virtuelni-muzej\/#organization"},"image":{"@id":"https:\/\/kcpecinci.rs\/virtuelni-muzej\/boravak-karadjordja-u-donjem-sremu\/#primaryimage"},"thumbnailUrl":"https:\/\/kcpecinci.rs\/virtuelni-muzej\/wp-content\/uploads\/sites\/2\/2026\/02\/The-Assassination-of-Karadjordje-1863.-National-Museum-Belgrade.jpg","articleSection":["Uncategorized"],"inLanguage":"sr-RS"},{"@type":"WebPage","@id":"https:\/\/kcpecinci.rs\/virtuelni-muzej\/boravak-karadjordja-u-donjem-sremu\/","url":"https:\/\/kcpecinci.rs\/virtuelni-muzej\/boravak-karadjordja-u-donjem-sremu\/","name":"Boravak Kara\u0111or\u0111a u Donjem Sremu - Virtuelni muzej nepokretnog kulturnog nasle\u0111a u Donjem Sremu","isPartOf":{"@id":"https:\/\/kcpecinci.rs\/virtuelni-muzej\/#website"},"primaryImageOfPage":{"@id":"https:\/\/kcpecinci.rs\/virtuelni-muzej\/boravak-karadjordja-u-donjem-sremu\/#primaryimage"},"image":{"@id":"https:\/\/kcpecinci.rs\/virtuelni-muzej\/boravak-karadjordja-u-donjem-sremu\/#primaryimage"},"thumbnailUrl":"https:\/\/kcpecinci.rs\/virtuelni-muzej\/wp-content\/uploads\/sites\/2\/2026\/02\/The-Assassination-of-Karadjordje-1863.-National-Museum-Belgrade.jpg","datePublished":"2026-02-27T14:31:15+00:00","dateModified":"2026-02-27T14:33:36+00:00","breadcrumb":{"@id":"https:\/\/kcpecinci.rs\/virtuelni-muzej\/boravak-karadjordja-u-donjem-sremu\/#breadcrumb"},"inLanguage":"sr-RS","potentialAction":[{"@type":"ReadAction","target":["https:\/\/kcpecinci.rs\/virtuelni-muzej\/boravak-karadjordja-u-donjem-sremu\/"]}]},{"@type":"ImageObject","inLanguage":"sr-RS","@id":"https:\/\/kcpecinci.rs\/virtuelni-muzej\/boravak-karadjordja-u-donjem-sremu\/#primaryimage","url":"https:\/\/kcpecinci.rs\/virtuelni-muzej\/wp-content\/uploads\/sites\/2\/2026\/02\/The-Assassination-of-Karadjordje-1863.-National-Museum-Belgrade.jpg","contentUrl":"https:\/\/kcpecinci.rs\/virtuelni-muzej\/wp-content\/uploads\/sites\/2\/2026\/02\/The-Assassination-of-Karadjordje-1863.-National-Museum-Belgrade.jpg","width":800,"height":619},{"@type":"BreadcrumbList","@id":"https:\/\/kcpecinci.rs\/virtuelni-muzej\/boravak-karadjordja-u-donjem-sremu\/#breadcrumb","itemListElement":[{"@type":"ListItem","position":1,"name":"Po\u010detna","item":"https:\/\/kcpecinci.rs\/virtuelni-muzej\/"},{"@type":"ListItem","position":2,"name":"Boravak Kara\u0111or\u0111a u Donjem Sremu"}]},{"@type":"WebSite","@id":"https:\/\/kcpecinci.rs\/virtuelni-muzej\/#website","url":"https:\/\/kcpecinci.rs\/virtuelni-muzej\/","name":"Virtuelni muzej nepokretnog kulturnog nasle\u0111a u Donjem Sremu","description":"Pri\u010de i spomenici Donjeg Srema","publisher":{"@id":"https:\/\/kcpecinci.rs\/virtuelni-muzej\/#organization"},"potentialAction":[{"@type":"SearchAction","target":{"@type":"EntryPoint","urlTemplate":"https:\/\/kcpecinci.rs\/virtuelni-muzej\/?s={search_term_string}"},"query-input":{"@type":"PropertyValueSpecification","valueRequired":true,"valueName":"search_term_string"}}],"inLanguage":"sr-RS"},{"@type":"Organization","@id":"https:\/\/kcpecinci.rs\/virtuelni-muzej\/#organization","name":"Virtuelni muzej nepokretnog kulturnog nasle\u0111a u Donjem Sremu","url":"https:\/\/kcpecinci.rs\/virtuelni-muzej\/","logo":{"@type":"ImageObject","inLanguage":"sr-RS","@id":"https:\/\/kcpecinci.rs\/virtuelni-muzej\/#\/schema\/logo\/image\/","url":"https:\/\/kcpecinci.rs\/virtuelni-muzej\/wp-content\/uploads\/sites\/2\/2026\/02\/logo-nobg.png","contentUrl":"https:\/\/kcpecinci.rs\/virtuelni-muzej\/wp-content\/uploads\/sites\/2\/2026\/02\/logo-nobg.png","width":542,"height":443,"caption":"Virtuelni muzej nepokretnog kulturnog nasle\u0111a u Donjem Sremu"},"image":{"@id":"https:\/\/kcpecinci.rs\/virtuelni-muzej\/#\/schema\/logo\/image\/"}},{"@type":"Person","@id":"https:\/\/kcpecinci.rs\/virtuelni-muzej\/#\/schema\/person\/532d9f7bca992138e7a97f8626babfd3","name":"kcpmuzejslobodan","image":{"@type":"ImageObject","inLanguage":"sr-RS","@id":"https:\/\/kcpecinci.rs\/virtuelni-muzej\/#\/schema\/person\/image\/","url":"https:\/\/secure.gravatar.com\/avatar\/8bc5bc92d0ba9ff6b97bec00facdf14fbe219b2a3dafa16dfeaf4d3c735a85e7?s=96&d=mm&r=g","contentUrl":"https:\/\/secure.gravatar.com\/avatar\/8bc5bc92d0ba9ff6b97bec00facdf14fbe219b2a3dafa16dfeaf4d3c735a85e7?s=96&d=mm&r=g","caption":"kcpmuzejslobodan"},"sameAs":["https:\/\/kcpecinci.rs\/virtuelni-muzej"],"url":"https:\/\/kcpecinci.rs\/virtuelni-muzej\/author\/kcpmuzejslobodan\/"}]}},"mfb_rest_fields":["title","yoast_head","yoast_head_json"],"_links":{"self":[{"href":"https:\/\/kcpecinci.rs\/virtuelni-muzej\/wp-json\/wp\/v2\/posts\/1868","targetHints":{"allow":["GET"]}}],"collection":[{"href":"https:\/\/kcpecinci.rs\/virtuelni-muzej\/wp-json\/wp\/v2\/posts"}],"about":[{"href":"https:\/\/kcpecinci.rs\/virtuelni-muzej\/wp-json\/wp\/v2\/types\/post"}],"author":[{"embeddable":true,"href":"https:\/\/kcpecinci.rs\/virtuelni-muzej\/wp-json\/wp\/v2\/users\/4"}],"replies":[{"embeddable":true,"href":"https:\/\/kcpecinci.rs\/virtuelni-muzej\/wp-json\/wp\/v2\/comments?post=1868"}],"version-history":[{"count":2,"href":"https:\/\/kcpecinci.rs\/virtuelni-muzej\/wp-json\/wp\/v2\/posts\/1868\/revisions"}],"predecessor-version":[{"id":1871,"href":"https:\/\/kcpecinci.rs\/virtuelni-muzej\/wp-json\/wp\/v2\/posts\/1868\/revisions\/1871"}],"wp:featuredmedia":[{"embeddable":true,"href":"https:\/\/kcpecinci.rs\/virtuelni-muzej\/wp-json\/wp\/v2\/media\/1869"}],"wp:attachment":[{"href":"https:\/\/kcpecinci.rs\/virtuelni-muzej\/wp-json\/wp\/v2\/media?parent=1868"}],"wp:term":[{"taxonomy":"category","embeddable":true,"href":"https:\/\/kcpecinci.rs\/virtuelni-muzej\/wp-json\/wp\/v2\/categories?post=1868"},{"taxonomy":"post_tag","embeddable":true,"href":"https:\/\/kcpecinci.rs\/virtuelni-muzej\/wp-json\/wp\/v2\/tags?post=1868"}],"curies":[{"name":"wp","href":"https:\/\/api.w.org\/{rel}","templated":true}]}}